{"id":63685,"date":"2021-11-02T11:35:14","date_gmt":"2021-11-02T10:35:14","guid":{"rendered":"https:\/\/isarta.fr\/infos\/?p=63685"},"modified":"2021-11-08T18:57:23","modified_gmt":"2021-11-08T17:57:23","slug":"la-pandemie-a-bouleverse-le-recrutement","status":"publish","type":"post","link":"https:\/\/isarta.fr\/infos\/la-pandemie-a-bouleverse-le-recrutement\/","title":{"rendered":"La pand\u00e9mie a boulevers\u00e9 le recrutement et les attentes des candidats"},"content":{"rendered":"<figure class=\"wp-block-image\" id=\"block-f6f876e3-45eb-46b6-b6ce-ee1941b0e6f3\"><img decoding=\"async\" src=\"https:\/\/isarta.com\/infos\/wp-content\/uploads\/2021\/10\/evangeline-shaw-VLkoOabAxqw-unsplash-1024x683.jpg\" alt=\"L\u2019attribut alt de cette image est vide, son nom de fichier est evangeline-shaw-VLkoOabAxqw-unsplash-1024x683.jpg.\"\/><\/figure>\n<p id=\"block-5b7081ff-a15f-49f6-b746-ab0ccf40da1b\">2 novembre 2021&nbsp;<\/p>\n<p id=\"block-d9f45ec7-6b56-41d4-b521-340a60d750b8\"><strong>Apr\u00e8s la pand\u00e9mie li\u00e9e au virus, voici la pand\u00e9mie li\u00e9e aux p\u00e9nuries ! Celle qui touche plus pr\u00e9cis\u00e9ment les employeurs &#8211; la p\u00e9nurie de main-d&rsquo;\u0153uvre &#8211; affecte particuli\u00e8rement et soudainement une majorit\u00e9 de pays occidentaux \u00e0 travers la plan\u00e8te.<\/strong><\/p>\n<p id=\"block-3c8add4a-7325-47f4-b171-19cb94962f64\">Avec le vieillissement de la population et les d\u00e9parts \u00e0 la retraite de la g\u00e9n\u00e9ration des baby-boomers, la p\u00e9nurie de main-d&rsquo;oeuvre sera encore dans le viseur des recruteurs pour un moment, mais son ampleur est d&rsquo;autant plus exacerb\u00e9e par les effets secondaires de la pand\u00e9mie virale qui a soudainement fait changer les priorit\u00e9s des candidats.<\/p>\n<p id=\"block-7cc94aac-870d-4150-a375-5996f9f01748\">C&rsquo;est notamment ce que r\u00e9v\u00e8le et confirme les r\u00e9sultats d\u2019un sondage<sup>(1) <\/sup>men\u00e9 par Isarta aupr\u00e8s d&#8217;employeurs et de candidats \u00e0 propos des nouvelles habitudes de recrutement et de recherche d\u2019emploi apr\u00e8s la pand\u00e9mie. Et le moins que l\u2019on puisse dire, c\u2019est qu\u2019il y a tr\u00e8s clairement eu un avant et un apr\u00e8s COVID-19 !<\/p>\n<p id=\"block-d5e761eb-6231-417f-ac96-85419687d4a9\"><strong>Des employeurs en difficult\u00e9 pour trouver des candidats<\/strong><\/p>\n<p id=\"block-6dcd1552-b67d-4ab6-a67c-91af3965cb27\">Les employeurs interrog\u00e9s sont une \u00e9crasante majorit\u00e9 (95 %) \u00e0 constater que le recrutement en g\u00e9n\u00e9ral est plus difficile aujourd\u2019hui via l&rsquo;ensemble des plateformes qu&rsquo;ils utilisent qu\u2019il ne l\u2019\u00e9tait avant la pand\u00e9mie.<\/p>\n<figure class=\"wp-block-image size-large\" id=\"block-30e748d4-403d-4a2a-936b-4caa30b0f3de\"><img decoding=\"async\" src=\"https:\/\/isarta.com\/infos\/wp-content\/uploads\/2021\/10\/pasted-image-0.png\" alt=\"L\u2019attribut alt de cette image est vide, son nom de fichier est ppoxXjH1TRf2RoVFA-p4Wn3qMsxLkmp3WNaN8bGT6rVIucTVrmsgzcZcMyidaawWVnjZkdFy07huMEvk0K9XAJ2-PPRShsjnRJkOlcKJbMO7gY3lK0gyf9Zeb_whZOqvxrG2ixYE=s1600.\"\/><\/figure>\n<p id=\"block-25d3ef46-4963-4692-ab76-4a7310deb4e3\">Parmi les raisons \u00e9voqu\u00e9es : les plus grandes exigences des candidats d\u00e9sormais. Pr\u00e8s de 8 employeurs sur 10 (87,5 %) font en effet cette observation.<\/p>\n<figure class=\"wp-block-image size-large\" id=\"block-6e0a09b5-9f3a-4ece-909c-68985bca080c\"><img decoding=\"async\" src=\"https:\/\/isarta.com\/infos\/wp-content\/uploads\/2021\/10\/pasted-image-0-1.png\" alt=\"L\u2019attribut alt de cette image est vide, son nom de fichier est phUAk9vcqwC-4Ofnxmu6m4sMJ_0mdWTA2aAXOO4VHuzLITfDU35i5xuUkQgwQ4mzASbmTMgtKS4rVqT0D6C7OIsGZD5AwLSzRQxNtQ1gxJqilf_TS7v9VN8_XUdeEbmguRqv4Kdu=s1600.\"\/><\/figure>\n<p id=\"block-2d258806-ad88-404b-9128-28a4c43be3f6\">En corollaire, il semble y avoir un d\u00e9sint\u00e9r\u00eat de plus en plus marqu\u00e9 des candidats pour les offres d\u2019emplois propos\u00e9es. 82 % des employeurs estiment ainsi recevoir moins de candidatures quand ils ont un poste \u00e0 combler, comparativement \u00e0 avant la pand\u00e9mie. Seulement 7,7% en re\u00e7oivent plus.<\/p>\n<figure class=\"wp-block-image size-large\" id=\"block-42665522-5841-4a53-919c-dab9b4f9674c\"><img decoding=\"async\" src=\"https:\/\/isarta.com\/infos\/wp-content\/uploads\/2021\/10\/pasted-image-0-2.png\" alt=\"L\u2019attribut alt de cette image est vide, son nom de fichier est lZ16lb1saYkjC9aWSBixavPSZxNj5Da4KJRrkwW2_dVaTIj0ANdYsAkqS3erLCVdJIPfQsyc7MVuohhmVEzBPVSFDUxnQLyVAGSt_TFX0SQyYglQBNfIAqOrJKFGPA3NqzWqg5TN=s1600.\"\/><\/figure>\n<p id=\"block-1bf102d2-3e18-4c5e-b304-c586cffad954\"><strong>La pand\u00e9mie : un \u00e9lectrochoc pour les candidats<\/strong><\/p>\n<p id=\"block-d14f3cbe-d1e4-4ec7-a128-1e86551355fa\">Pour v\u00e9rifier et affiner ces donn\u00e9es, le sondage s\u2019est aussi int\u00e9ress\u00e9 au point de vue des candidats. Et le constat semble se confirmer : la pand\u00e9mie a ouvert les yeux de certains d\u2019entre eux, qui ne souhaitent plus repartir sur les m\u00eames conditions de travail qu\u2019auparavant.&nbsp;<\/p>\n<p id=\"block-d628a9b8-dddc-43ae-ae8f-21b557c6624a\">Deux tiers des r\u00e9pondants indiquent ainsi \u00eatre plus difficiles dans leurs choix quand vient le temps de postuler, dont plus d\u2019un tiers du fait de la pand\u00e9mie qui a chang\u00e9 leurs exigences.<\/p>\n<figure class=\"wp-block-image size-large\" id=\"block-bc1b30ef-8ad1-4293-aba4-f301c7c492da\"><img decoding=\"async\" src=\"https:\/\/isarta.com\/infos\/wp-content\/uploads\/2021\/10\/pasted-image-0-3.png\" alt=\"L\u2019attribut alt de cette image est vide, son nom de fichier est fviffjD0-7Z90n_n5wbhA2z-I6G59A15FpDAKXbAMu3A_NrdoMarMVthZvz6qwbKpbNr1hCnHHtcOYMLSs5EP1vKTTGALsSbRoC6EGUG1tfspvUCoMHoGGAxDHwtpbUQxg9QDnC_=s1600.\"\/><\/figure>\n<p id=\"block-61e462b9-7b68-4903-a08a-58854a91f8c4\">Parmi les informations les plus importantes \u00e0 leurs yeux lorsqu\u2019ils postulent \u00e0 une offre d\u2019emploi d\u00e9sormais, la description de poste reste bien entendu au sommet des priorit\u00e9s. Tr\u00e8s loin devant le salaire ou le lieu de travail.<\/p>\n<p id=\"block-29196bb6-0a02-4fc5-b610-85e3fafc60e8\">Les employeurs savent \u00e0 quoi s\u2019en tenir : mieux qu\u2019une table de ping pong, il faut des missions qui ont du sens et qui motivent pour attirer des candidats !<\/p>\n<figure class=\"wp-block-image size-large\" id=\"block-daacd822-4086-4580-90b3-21a9b68aa745\"><img decoding=\"async\" src=\"https:\/\/isarta.com\/infos\/wp-content\/uploads\/2021\/10\/informations-importantes-1.png\" alt=\"L\u2019attribut alt de cette image est vide, son nom de fichier est informations-importantes.png.\"\/><\/figure>\n<figure class=\"wp-block-image size-large\"><img decoding=\"async\" loading=\"lazy\" width=\"988\" height=\"560\" src=\"https:\/\/isarta.fr\/infos\/wp-content\/uploads\/2021\/10\/avantages-sociaux-1-Copie-2.png\" alt=\"\" class=\"wp-image-63701\" srcset=\"https:\/\/isarta.fr\/infos\/wp-content\/uploads\/2021\/10\/avantages-sociaux-1-Copie-2.png 988w, https:\/\/isarta.fr\/infos\/wp-content\/uploads\/2021\/10\/avantages-sociaux-1-Copie-2-300x170.png 300w, https:\/\/isarta.fr\/infos\/wp-content\/uploads\/2021\/10\/avantages-sociaux-1-Copie-2-768x435.png 768w\" sizes=\"(max-width: 988px) 100vw, 988px\" \/><\/figure>\n<p id=\"block-624ccc4f-5577-4ac7-adff-0c5c1348e4aa\">Et pour donner quelques pistes de solutions suppl\u00e9mentaires pour les employeurs, notons les avantages sociaux privil\u00e9gi\u00e9s des candidats :<\/p>\n<ol id=\"block-ab71c406-4c63-4947-88ca-4a3948689caf\">\n<li>La possibilit\u00e9 du t\u00e9l\u00e9travail<\/li>\n<li>La conciliation travail et vie personnelle<\/li>\n<li>Les horaires flexibles<\/li>\n<li>La r\u00e9mun\u00e9ration comp\u00e9titive<\/li>\n<\/ol>\n<p id=\"block-c3f2b07d-4a3e-4d45-90b0-289996ce6a90\">Les employeurs doivent ind\u00e9niablement mettre ces \u00e9l\u00e9ments en avant s\u2019ils veulent attirer les regards des candidats.<\/p>\n<blockquote class=\"wp-block-quote\">\n<p>Ce sondage permet de prendre conscience de toute l\u2019ampleur qu\u2019a eu la pand\u00e9mie notamment dans l\u2019esprit et le comportement des candidats. Les employeurs n\u2019ont plus le choix : pour attirer des talents, ils doivent s\u2019adapter et proposer des conditions de travail en ad\u00e9quation avec les attentes du moment\u201d, d\u00e9clare Martin Shamlou, directeur du marketing chez Isarta.<\/p>\n<\/blockquote>\n<p id=\"block-9806a034-edf8-484c-9984-09fc5225045e\">M\u00e9thodologie :<\/p>\n<p id=\"block-8cb22fdd-1d6e-418e-b0ea-e33ab2fb5ed3\"><sup>(1)<\/sup> Sondage men\u00e9 aupr\u00e8s de 450 employeurs et candidats du 4 au 30 ao\u00fbt 2021. La marge d&rsquo;erreur est de 5%, avec un niveau de confiance de 95%.&nbsp;<\/p>\n<p id=\"block-965ec28b-26ff-4bda-aa59-d477167c192a\"><em>A propos :<\/em><\/p>\n<p id=\"block-103e0adb-dff6-444c-a8b2-f9248865b861\"><em><a rel=\"noreferrer noopener\" href=\"https:\/\/isarta.com\/\" target=\"_blank\">Isarta<\/a> est la r\u00e9f\u00e9rence dans le secteur de l&#8217;emploi dans les domaines de la communication, du marketing, du num\u00e9rique et de la vente.<\/em><\/p>\n<p id=\"block-d8d64ba8-7364-4f19-a8a3-84c65d05e820\"><em>Plus d\u2019informations sur <a rel=\"noreferrer noopener\" href=\"https:\/\/isarta.com\/\" target=\"_blank\">isarta.com<\/a><\/em><\/p>\n","protected":false},"excerpt":{"rendered":"<p>La p\u00e9nurie de main-d&rsquo;\u0153uvre affecte particuli\u00e8rement les employeurs. Mais la pand\u00e9mie a amen\u00e9 son nouveau lot d&rsquo;habitudes en terme de recrutement et de recherche d\u2019emploi. Compte-rendu d&rsquo;un sondage.<\/p>\n","protected":false},"author":23,"featured_media":63686,"comment_status":"open","ping_status":"open","sticky":false,"template":"","format":"standard","meta":[],"categories":[264,265,159],"tags":[215,224],"_links":{"self":[{"href":"https:\/\/isarta.fr\/infos\/wp-json\/wp\/v2\/posts\/63685"}],"collection":[{"href":"https:\/\/isarta.fr\/infos\/wp-json\/wp\/v2\/posts"}],"about":[{"href":"https:\/\/isarta.fr\/infos\/wp-json\/wp\/v2\/types\/post"}],"author":[{"embeddable":true,"href":"https:\/\/isarta.fr\/infos\/wp-json\/wp\/v2\/users\/23"}],"replies":[{"embeddable":true,"href":"https:\/\/isarta.fr\/infos\/wp-json\/wp\/v2\/comments?post=63685"}],"version-history":[{"count":14,"href":"https:\/\/isarta.fr\/infos\/wp-json\/wp\/v2\/posts\/63685\/revisions"}],"predecessor-version":[{"id":63716,"href":"https:\/\/isarta.fr\/infos\/wp-json\/wp\/v2\/posts\/63685\/revisions\/63716"}],"wp:featuredmedia":[{"embeddable":true,"href":"https:\/\/isarta.fr\/infos\/wp-json\/wp\/v2\/media\/63686"}],"wp:attachment":[{"href":"https:\/\/isarta.fr\/infos\/wp-json\/wp\/v2\/media?parent=63685"}],"wp:term":[{"taxonomy":"category","embeddable":true,"href":"https:\/\/isarta.fr\/infos\/wp-json\/wp\/v2\/categories?post=63685"},{"taxonomy":"post_tag","embeddable":true,"href":"https:\/\/isarta.fr\/infos\/wp-json\/wp\/v2\/tags?post=63685"}],"curies":[{"name":"wp","href":"https:\/\/api.w.org\/{rel}","templated":true}]}}