{"id":65859,"date":"2022-07-14T12:26:00","date_gmt":"2022-07-14T10:26:00","guid":{"rendered":"https:\/\/isarta.fr\/infos\/?p=65859"},"modified":"2022-07-14T19:59:29","modified_gmt":"2022-07-14T17:59:29","slug":"bilan-de-mi-annee-pas-de-repit-pour-les-consommateurs-et-les-entreprises","status":"publish","type":"post","link":"https:\/\/isarta.fr\/infos\/bilan-de-mi-annee-pas-de-repit-pour-les-consommateurs-et-les-entreprises\/","title":{"rendered":"Bilan de mi ann\u00e9e : pas de r\u00e9pit pour les consommateurs et les entreprises !"},"content":{"rendered":"<figure class=\"wp-block-image size-large\"><img decoding=\"async\" src=\"https:\/\/isarta.com\/infos\/wp-content\/uploads\/2022\/06\/thisisengineering-raeng-ZPeXrWxOjRQ-unsplash-1024x683.jpg\" alt=\"\" class=\"wp-image-94765\"\/><\/figure>\n<p>7 juillet 2022<\/p>\n<p><strong>L\u2019ann\u00e9e 2022 s\u2019est d\u00e9roul\u00e9e jusqu\u2019ici en trois temps. Elle a d\u00e9but\u00e9 sur un air de d\u00e9j\u00e0 vu, avec une importante vague de Covid, des mesures sanitaires strictes, et le tout accompagn\u00e9 d\u2019un d\u00e9but d\u2019invasion russe en Ukraine. Tranquillement, les mesures se sont effac\u00e9es pour laisser place \u00e0 une reprise compl\u00e8te des activit\u00e9s. Combin\u00e9e \u00e0 diff\u00e9rents facteurs (guerre en Ukraine, confinement en Chine, etc.), cette reprise a malheureusement contribu\u00e9 \u00e0 une hausse prononc\u00e9e de l\u2019inflation.<\/strong><\/p>\n<p><strong>Reprise des activit\u00e9s&nbsp;: des gagnants et des perdants<\/strong><\/p>\n<p>Peu \u00e0 peu au cours du printemps, les mesures sanitaires ont \u00e9t\u00e9 rel\u00e2ch\u00e9es, ce qui a permis un certain retour \u00e0 la normale dans plusieurs domaines. Cette reprise a fait des gagnants comme des perdants. On a pu assister notamment au retour des spectacles de grande envergure et des festivals, \u00e0 une reprise du tourisme et \u00e0 un retour de plusieurs employ\u00e9s dans les tours \u00e0 bureaux. Tout cela a eu un effet positif sur l\u2019achalandage des centres-villes, d\u00e9laiss\u00e9s depuis deux ans.<\/p>\n<p>En contrepartie, certaines organisations ayant vu leurs activit\u00e9s fleurir durant la pand\u00e9mie ont encaiss\u00e9 le contrecoup de la reprise. C\u2019est le cas notamment de <a rel=\"noreferrer noopener\" href=\"https:\/\/www.lapresse.ca\/affaires\/entreprises\/2022-04-19\/l-action-de-netflix-chute-apres-la-perte-de-200-000-abonnes.php\" target=\"_blank\">Netflix<\/a>, qui ont tous les deux perdu des abonn\u00e9s, une r\u00e9alit\u00e9 \u00e0 laquelle elles n&rsquo;\u00e9taient pas habitu\u00e9es.<\/p>\n<p>Quelques mois plus t\u00f4t, c\u2019est Facebook qui annon\u00e7ait une perte d\u2019abonn\u00e9s pour la premi\u00e8re fois de son histoire. Comme \u00e0 chaque ann\u00e9e, Facebook a \u00e9t\u00e9 au c\u0153ur de l\u2019actualit\u00e9, entre autres en raison d\u2019une chute vertigineuse du cours de son action ainsi que de ses projets de d\u00e9veloppement en lien avec la <a href=\"https:\/\/ca.news.yahoo.com\/facebook-meta-pay-rebranding-191011764.html\">m\u00e9taverse<\/a>. &nbsp;&nbsp;<\/p>\n<p><strong>Une pand\u00e9mie qui a boulevers\u00e9 les habitudes<\/strong><\/p>\n<p>Dans les prochains mois, il sera int\u00e9ressant de voir ce qui restera des habitudes prises durant les confinements des deux derni\u00e8res ann\u00e9es.<\/p>\n<p>Pour ce qui est des habitudes de travail, le t\u00e9l\u00e9travail impos\u00e9 se transforme peu \u00e0 peu en t<a rel=\"noreferrer noopener\" href=\"https:\/\/isarta.com\/infos\/la-nouvelle-politique-de-teletravail-dairbnb-va-t-elle-devenir-une-norme\/\" data-type=\"post\" data-id=\"94500\" target=\"_blank\">\u00e9l\u00e9travail volontaire<\/a>. Comme bien d\u2019autres sujets depuis deux ans, le travail \u00e0 distance pourrait cr\u00e9er des divisions entre une part de la population (40%) qui peut en b\u00e9n\u00e9ficier, et l\u2019autre portion qui ne peut pas en jouir.<\/p>\n<p>Toujours sur le sujet du t\u00e9l\u00e9travail, un <a href=\"https:\/\/nouvelles.umontreal.ca\/article\/2022\/05\/27\/apres-deux-ans-de-pandemie-quel-avenir-pour-le-teletravail-et-le-travail-en-mode-hybride\/\" target=\"_blank\" rel=\"noreferrer noopener\">questionnaire men\u00e9<\/a> par la Chaire BMO en diversit\u00e9 et gouvernance aupr\u00e8s de 29&nbsp;000 r\u00e9pondants r\u00e9v\u00e9lait que 84 % des employ\u00e9s se disent plus efficaces en t\u00e9l\u00e9travail et que 80 % souhaitent poursuivre apr\u00e8s la pand\u00e9mie.<\/p>\n<p>Avec la p\u00e9nurie de main-d\u2019\u0153uvre qui s\u2019intensifie, les managers devront s\u2019assurer <a href=\"https:\/\/isarta.com\/infos\/comment-les-gestionnaires-doivent-adapter-leur-discours-pour-faire-accepter-les-politiques-de-teletravail-de-leur-entreprise\/\" data-type=\"post\" data-id=\"94192\" target=\"_blank\" rel=\"noreferrer noopener\">d\u2019\u00eatre \u00e0 l\u2019\u00e9coute des besoins de leurs employ\u00e9s<\/a> en termes de mode d\u2019organisation du travail, car ces derniers ont souvent l\u2019embarras du choix en termes d\u2019emplois. Le nom de la r\u00e9cente campagne de recrutement de la cha\u00eene de restaurants McDonald\u2019s, \u00ab&nbsp;<a rel=\"noreferrer noopener\" href=\"https:\/\/www.youtube-nocookie.com\/watch?v=x5gAUYQUJgM\" target=\"_blank\">Passez-nous en entrevue&nbsp;<\/a>\u00bb, est d&rsquo;ailleurs tr\u00e8s r\u00e9v\u00e9lateur de ce nouveau rapport de force entre employ\u00e9 et employeur.<\/p>\n<figure class=\"wp-block-embed is-type-video is-provider-youtube wp-block-embed-youtube wp-embed-aspect-16-9 wp-has-aspect-ratio\">\n<div class=\"wp-block-embed__wrapper\">\n<iframe loading=\"lazy\" title=\"Passez-nous en entrevue. On embauche! | McDonald\u2019s du Canada\" width=\"500\" height=\"281\" src=\"https:\/\/www.youtube-nocookie.com\/embed\/x5gAUYQUJgM?feature=oembed\" frameborder=\"0\" allow=\"accelerometer; autoplay; clipboard-write; encrypted-media; gyroscope; picture-in-picture\" allowfullscreen><\/iframe>\n<\/div>\n<\/figure>\n<p><strong>Une confiance \u00e9branl\u00e9e<\/strong><\/p>\n<p>Pour le reste de l\u2019ann\u00e9e, le sujet de l\u2019inflation devrait demeurer dans l\u2019actualit\u00e9, alors que celui d\u2019une possible r\u00e9cession \u00e0 venir devrait prendre de plus en plus de place. Cela n\u2019aura certainement pas un effet positif sur le comportement des consommateurs. <\/p>\n<p>Si les consommateurs semblent plut\u00f4t pessimistes quant aux mois \u00e0 venir, cela ne semble pas \u00eatre le cas pour les managers marketing. <a rel=\"noreferrer noopener\" href=\"https:\/\/www.dentsu.com\/us\/en\/cmo-navigator\" target=\"_blank\">Selon un sondage<\/a> men\u00e9 au printemps par l\u2019agence dentsu aupr\u00e8s de plus de 500 responsables marketing au Canada et aux \u00c9tats-Unis, 77% des r\u00e9pondants se disent optimistes\u00a0par rapport au futur de l\u2019\u00e9conomie dans les 12 prochains mois. Une grande majorit\u00e9 d\u2019entre eux pensent \u00e9galement augmenter leur budget marketing. De bonne augure !<\/p>\n","protected":false},"excerpt":{"rendered":"<p>L\u2019ann\u00e9e 2022 s\u2019est d\u00e9roul\u00e9e jusqu\u2019ici en trois temps. Petit retour en arri\u00e8re des moments forts dans l&rsquo;industrie du Web, du marketing et des communications.<\/p>\n","protected":false},"author":2,"featured_media":65863,"comment_status":"open","ping_status":"open","sticky":false,"template":"","format":"standard","meta":[],"categories":[264,265,3],"tags":[186,368,215,224],"_links":{"self":[{"href":"https:\/\/isarta.fr\/infos\/wp-json\/wp\/v2\/posts\/65859"}],"collection":[{"href":"https:\/\/isarta.fr\/infos\/wp-json\/wp\/v2\/posts"}],"about":[{"href":"https:\/\/isarta.fr\/infos\/wp-json\/wp\/v2\/types\/post"}],"author":[{"embeddable":true,"href":"https:\/\/isarta.fr\/infos\/wp-json\/wp\/v2\/users\/2"}],"replies":[{"embeddable":true,"href":"https:\/\/isarta.fr\/infos\/wp-json\/wp\/v2\/comments?post=65859"}],"version-history":[{"count":2,"href":"https:\/\/isarta.fr\/infos\/wp-json\/wp\/v2\/posts\/65859\/revisions"}],"predecessor-version":[{"id":65865,"href":"https:\/\/isarta.fr\/infos\/wp-json\/wp\/v2\/posts\/65859\/revisions\/65865"}],"wp:featuredmedia":[{"embeddable":true,"href":"https:\/\/isarta.fr\/infos\/wp-json\/wp\/v2\/media\/65863"}],"wp:attachment":[{"href":"https:\/\/isarta.fr\/infos\/wp-json\/wp\/v2\/media?parent=65859"}],"wp:term":[{"taxonomy":"category","embeddable":true,"href":"https:\/\/isarta.fr\/infos\/wp-json\/wp\/v2\/categories?post=65859"},{"taxonomy":"post_tag","embeddable":true,"href":"https:\/\/isarta.fr\/infos\/wp-json\/wp\/v2\/tags?post=65859"}],"curies":[{"name":"wp","href":"https:\/\/api.w.org\/{rel}","templated":true}]}}