{"id":65897,"date":"2022-07-13T17:36:00","date_gmt":"2022-07-13T15:36:00","guid":{"rendered":"https:\/\/isarta.fr\/infos\/?p=65897"},"modified":"2022-07-14T17:08:52","modified_gmt":"2022-07-14T15:08:52","slug":"isarta-infos-passe-au-rythme-estival","status":"publish","type":"post","link":"https:\/\/isarta.fr\/infos\/isarta-infos-passe-au-rythme-estival\/","title":{"rendered":"Isarta Infos passe au rythme estival"},"content":{"rendered":"<figure class=\"wp-block-image size-large\"><img decoding=\"async\" loading=\"lazy\" width=\"1024\" height=\"683\" src=\"https:\/\/isarta.fr\/infos\/wp-content\/uploads\/2022\/07\/kong-jun-HS5lkSGvKIQ-unsplash-1024x683.jpg\" alt=\"\" class=\"wp-image-65898\" srcset=\"https:\/\/isarta.fr\/infos\/wp-content\/uploads\/2022\/07\/kong-jun-HS5lkSGvKIQ-unsplash-1024x683.jpg 1024w, https:\/\/isarta.fr\/infos\/wp-content\/uploads\/2022\/07\/kong-jun-HS5lkSGvKIQ-unsplash-300x200.jpg 300w, https:\/\/isarta.fr\/infos\/wp-content\/uploads\/2022\/07\/kong-jun-HS5lkSGvKIQ-unsplash-768x512.jpg 768w, https:\/\/isarta.fr\/infos\/wp-content\/uploads\/2022\/07\/kong-jun-HS5lkSGvKIQ-unsplash-1536x1024.jpg 1536w, https:\/\/isarta.fr\/infos\/wp-content\/uploads\/2022\/07\/kong-jun-HS5lkSGvKIQ-unsplash-2048x1365.jpg 2048w\" sizes=\"(max-width: 1024px) 100vw, 1024px\" \/><\/figure>\n<p>14 juillet 2022<\/p>\n<p><strong>Petite pause pour Isarta Infos. \u00c0 partir du vendredi 15 juillet et pendant plus d&rsquo;un mois, nous arr\u00eatons temporairement la publication de nouveaux articles et l&rsquo;envoi de nos newsletters.<\/strong><\/p>\n<p>Pour retrouver les articles de notre \u00e9quipe \u00e9ditoriale et nos infolettres, il faudra attendre le milieu du mois d&rsquo;ao\u00fbt.<\/p>\n<p>Si d\u2019ici l\u00e0 vous avez des besoins de recruter ou souhaitez trouver un nouvel emploi, sachez qu\u2019<a href=\"https:\/\/isarta.fr\/\" target=\"_blank\" rel=\"noreferrer noopener\"><strong>Isarta Emplois<\/strong><\/a>&nbsp;reste actif. Et que les&nbsp;<a href=\"https:\/\/formations.isarta.fr\/\" target=\"_blank\" rel=\"noreferrer noopener\"><strong>offres de Isarta Formations<\/strong><\/a>&nbsp;reprennent d\u00e8s la rentr\u00e9e de septembre.<\/p>\n<p>Toute l\u2019\u00e9quipe d\u2019Isarta vous souhaite un tr\u00e8s bel \u00e9t\u00e9 ! <\/p>\n","protected":false},"excerpt":{"rendered":"<p>Petite pause pour Isarta Infos. \u00c0 partir du vendredi 15 juillet et pendant plus d&rsquo;un mois, nous arr\u00eatons temporairement la publication de nouveaux articles et l&rsquo;envois de nos newsletters. Bon \u00e9t\u00e9 !<\/p>\n","protected":false},"author":1,"featured_media":65898,"comment_status":"open","ping_status":"open","sticky":false,"template":"","format":"standard","meta":[],"categories":[264],"tags":[364],"_links":{"self":[{"href":"https:\/\/isarta.fr\/infos\/wp-json\/wp\/v2\/posts\/65897"}],"collection":[{"href":"https:\/\/isarta.fr\/infos\/wp-json\/wp\/v2\/posts"}],"about":[{"href":"https:\/\/isarta.fr\/infos\/wp-json\/wp\/v2\/types\/post"}],"author":[{"embeddable":true,"href":"https:\/\/isarta.fr\/infos\/wp-json\/wp\/v2\/users\/1"}],"replies":[{"embeddable":true,"href":"https:\/\/isarta.fr\/infos\/wp-json\/wp\/v2\/comments?post=65897"}],"version-history":[{"count":2,"href":"https:\/\/isarta.fr\/infos\/wp-json\/wp\/v2\/posts\/65897\/revisions"}],"predecessor-version":[{"id":65900,"href":"https:\/\/isarta.fr\/infos\/wp-json\/wp\/v2\/posts\/65897\/revisions\/65900"}],"wp:featuredmedia":[{"embeddable":true,"href":"https:\/\/isarta.fr\/infos\/wp-json\/wp\/v2\/media\/65898"}],"wp:attachment":[{"href":"https:\/\/isarta.fr\/infos\/wp-json\/wp\/v2\/media?parent=65897"}],"wp:term":[{"taxonomy":"category","embeddable":true,"href":"https:\/\/isarta.fr\/infos\/wp-json\/wp\/v2\/categories?post=65897"},{"taxonomy":"post_tag","embeddable":true,"href":"https:\/\/isarta.fr\/infos\/wp-json\/wp\/v2\/tags?post=65897"}],"curies":[{"name":"wp","href":"https:\/\/api.w.org\/{rel}","templated":true}]}}