{"id":66307,"date":"2023-03-07T13:53:10","date_gmt":"2023-03-07T12:53:10","guid":{"rendered":"https:\/\/isarta.fr\/infos\/?p=66307"},"modified":"2023-03-09T20:42:20","modified_gmt":"2023-03-09T19:42:20","slug":"pourquoi-les-rh-ont-tout-interet-a-sinteresser-au-stress-financier-des-employes","status":"publish","type":"post","link":"https:\/\/isarta.fr\/infos\/pourquoi-les-rh-ont-tout-interet-a-sinteresser-au-stress-financier-des-employes\/","title":{"rendered":"Pourquoi les RH ont tout int\u00e9r\u00eat \u00e0 s&rsquo;int\u00e9resser au stress financier des employ\u00e9s"},"content":{"rendered":"<figure class=\"wp-block-image\" id=\"block-0c9ddcc9-de9c-4239-b4d1-135f869c2c20\"><img decoding=\"async\" src=\"https:\/\/isarta.com\/infos\/wp-content\/uploads\/2023\/02\/Annick-1024x632.jpeg\" alt=\"L\u2019attribut alt de cette image est vide, son nom de fichier est Annick-1024x632.jpeg.\"\/><\/figure>\n<p id=\"block-4882e57c-b88f-43ea-a92a-099204fe346a\">6 mars 2023<\/p>\n<p id=\"block-dbb362f0-08d3-4cde-944a-110a82fc4e0f\"><strong>Dans ce nouvel \u00e9pisode de <a rel=\"noreferrer noopener\" href=\"https:\/\/www.facteurh.com\/vecteur-h\/\" target=\"_blank\">Vecteur H<\/a>, l&rsquo;\u00e9mission sur les ressources humaines en partenariat avec Isarta, \u00c9milie Pelletier re\u00e7oit Annick Kwetcheu Gamo, sp\u00e9cialiste en \u00e9ducation financi\u00e8re et fondatrice de Code F. L&rsquo;occasion de parler d&rsquo;un th\u00e8me tabou : l&rsquo;argent comme un possible facteur de stress chez les employ\u00e9s.<\/strong><\/p>\n<p id=\"block-7496bae5-b31d-46b8-bff7-8b3fb246a365\">On parle beaucoup de sant\u00e9 physique, de sant\u00e9 mentale&#8230; mais on n&rsquo;aborde nettement moins la sant\u00e9 financi\u00e8re. Pourtant, l&rsquo;enjeu est au moins aussi important aussi bien personnellement que professionnellement.<\/p>\n<blockquote class=\"wp-block-quote\">\n<p>L&rsquo;argent, c&rsquo;est la source de stress num\u00e9ro 1&Prime;, affirme Annick Kwetcheu Gamo, fondatrice de Code F, une structure qui aide \u00e0 bien g\u00e9rer ses finances personnelles.<\/p>\n<\/blockquote>\n<p id=\"block-c267ccaa-9c0d-444c-bbfc-ec7686fd0855\">D&rsquo;apr\u00e8s elle, nous passons 10 heures par semaine \u00e0 nous pr\u00e9occuper de notre sant\u00e9 financi\u00e8re. Un sujet qui peut aussi grandement influ\u00e9 sur notre vie au travail.<\/p>\n<blockquote class=\"wp-block-quote\">\n<p>D&rsquo;apr\u00e8s diff\u00e9rentes \u00e9tudes sur le sujet, on voit que des personnes en stress financier avouent passer une partie de leur temps au travail \u00e0 s&rsquo;occuper de leur gestion financi\u00e8re. On parle de 40 Mds de dollars de perte de productivit\u00e9,\u00a0\u00bb ajoute la sp\u00e9cialiste en \u00e9ducation financi\u00e8re.<\/p>\n<\/blockquote>\n<p id=\"block-856572cf-a420-473b-baee-542c87207fbd\"><strong>Un sujet multifacette<\/strong><\/p>\n<p id=\"block-01063bf8-a345-42d8-9933-0d2261671738\">La sant\u00e9 financi\u00e8re, c&rsquo;est tout ce qui touche \u00e0 la situation financi\u00e8re, personnelle et familiale d&rsquo;une personne. Cela va de la pr\u00e9paration \u00e0 la retraite aux investissements en passant par les aspects fiscaux et juridiques. Prenons par exemple le cas des assurances ou des testaments. On parle alors de mauvaise sant\u00e9 en cas de manque de protection, d&rsquo;absence de fonds d&rsquo;urgence voire de surendettement.<\/p>\n<p id=\"block-419f6e29-651c-41f8-8ea4-dc6b0ba96374\">Annick Kwetcheu Gamo pr\u00e9cise \u00e9galement que l&rsquo;expression souvent utilis\u00e9e de litt\u00e9ratie financi\u00e8re comporte en r\u00e9alit\u00e9 trois facteurs permettant de faire des choix financiers \u00e9clair\u00e9s et responsables :<\/p>\n<ul id=\"block-1ee30b09-ecf3-4e71-9ebe-c233ff63d514\">\n<li>la connaissance<\/li>\n<li>la comp\u00e9tence<\/li>\n<li>et la confiance en soi<\/li>\n<\/ul>\n<p id=\"block-3caf995c-66c1-4877-b214-d5273848f5c5\">Le dernier point \u00e9tant souvent oubli\u00e9 dans l&rsquo;\u00e9quation alors qu&rsquo;il est tout aussi important que les autres.<\/p>\n<p id=\"block-1984cca5-fcb0-444b-9b2f-bcf4a302c8af\"><strong>Quel r\u00f4le pour les entreprises et les RH ?<\/strong><\/p>\n<p id=\"block-bb71c51f-82a3-4c26-b81b-c7f6016bf1be\">Pourquoi parler de stress financier dans une \u00e9mission consacr\u00e9e aux RH ?<\/p>\n<blockquote class=\"wp-block-quote\">\n<p>Beaucoup d&rsquo;entreprises consid\u00e8rent en effet que ce n&rsquo;est pas leur r\u00f4le de s&rsquo;occuper de ces sujets. Il s&rsquo;agit de la vie priv\u00e9e de leurs employ\u00e9es,\u00a0\u00bb atteste Annick.<\/p>\n<\/blockquote>\n<p id=\"block-14db0479-d832-4da2-947f-d70a775dbf75\">Une erreur toutefois selon elle. D&rsquo;une part, au m\u00eame titre que la sant\u00e9 physique ou mentale, le stress financier a un impact direct sur l&rsquo;engagement au travail. Cela repr\u00e9sente donc un co\u00fbt indirect pour l&rsquo;entreprise. D&rsquo;autre part, dans ce contexte de p\u00e9nurie de main-d&rsquo;oeuvre, cela peut \u00eatre une fa\u00e7on, pour les entreprises de contribuer au bien-\u00eatre de leur monde et d&rsquo;attirer et retenir les meilleurs talents.<\/p>\n<p id=\"block-bc650572-eab5-40b5-abd5-a7a6f243b8a3\">Pour la fondatrice de Code F, la sensibilisation et la prise d&rsquo;information proactive des gestionnaires est une premi\u00e8re \u00e9tape pour aborder le sujet en entreprise. Mais ce n&rsquo;est pas suffisant.<\/p>\n<blockquote class=\"wp-block-quote\">\n<p>Cela prend un accompagnement individualis\u00e9. La personne peut en effet s&rsquo;ouvrir plus facilement que dans un cadre de groupe\u00a0\u00bb, explique-t-elle.<\/p>\n<\/blockquote>\n<p id=\"block-c458364b-5703-4ae8-a3e0-f26b92c8449a\">De ce point de vue, les RH ont aussi un r\u00f4le crucial \u00e0 jouer. \u00c0 savoir, s&rsquo;assurer que les politiques pour aider les employ\u00e9s sont premi\u00e8rement existantes et deuxi\u00e8mement connus de ces derniers ! Sachant que le sujet est relativement tabou et sensible. Il comporte toute une dimension psychologique, de rapport social et de regard des autres.<\/p>\n<p id=\"block-bbc4dd92-90b6-4c17-8403-dfe8b75472f6\">Pour conclure, Annick Kwetcheu Gamo \u00e9voque quelques cl\u00e9s de son accompagnement. D&rsquo;une part, aller toujours \u00e0 la racine du mal en creusant minutieusement le budget des personnes qu&rsquo;elle suit. Mais aussi, savoir se fixer des objectifs (par exemple prendre un cong\u00e9 sabbatique dans 5 ans), \u00e9tablir un plan budg\u00e9taire en cons\u00e9quence puis le suivre au jour le jour. Ceci est la meilleure fa\u00e7on de savoir o\u00f9 va son argent et dans quel but il est mis de c\u00f4t\u00e9 !<\/p>\n<hr class=\"wp-block-separator has-alpha-channel-opacity\"\/>\n<p><strong>Visionner l&rsquo;\u00e9pisode :<\/strong><\/p>\n<figure class=\"wp-block-embed is-type-video is-provider-youtube wp-block-embed-youtube wp-embed-aspect-16-9 wp-has-aspect-ratio\">\n<div class=\"wp-block-embed__wrapper\">\n<iframe loading=\"lazy\" title=\"Vecteur H : Aidez vos employ\u00e9s \u00e0 g\u00e9rer leur stress financier avec Annick Kwetcheu Gamo\" width=\"500\" height=\"281\" src=\"https:\/\/www.youtube-nocookie.com\/embed\/YqT2jNk9frc?feature=oembed\" frameborder=\"0\" allow=\"accelerometer; autoplay; clipboard-write; encrypted-media; gyroscope; picture-in-picture; web-share\" allowfullscreen><\/iframe>\n<\/div>\n<\/figure>\n","protected":false},"excerpt":{"rendered":"<p>Dans ce nouvel \u00e9pisode de Vecteur H, \u00c9milie Pelletier re\u00e7oit Annick Kwetcheu Gamo, sp\u00e9cialiste en \u00e9ducation financi\u00e8re et fondatrice de Code F. L&rsquo;occasion de parler d&rsquo;un th\u00e8me tabou : l&rsquo;argent comme un possible facteur de stress chez les employ\u00e9s.<\/p>\n","protected":false},"author":73,"featured_media":66311,"comment_status":"open","ping_status":"open","sticky":false,"template":"","format":"standard","meta":[],"categories":[264,265,159],"tags":[368,343],"_links":{"self":[{"href":"https:\/\/isarta.fr\/infos\/wp-json\/wp\/v2\/posts\/66307"}],"collection":[{"href":"https:\/\/isarta.fr\/infos\/wp-json\/wp\/v2\/posts"}],"about":[{"href":"https:\/\/isarta.fr\/infos\/wp-json\/wp\/v2\/types\/post"}],"author":[{"embeddable":true,"href":"https:\/\/isarta.fr\/infos\/wp-json\/wp\/v2\/users\/73"}],"replies":[{"embeddable":true,"href":"https:\/\/isarta.fr\/infos\/wp-json\/wp\/v2\/comments?post=66307"}],"version-history":[{"count":3,"href":"https:\/\/isarta.fr\/infos\/wp-json\/wp\/v2\/posts\/66307\/revisions"}],"predecessor-version":[{"id":66314,"href":"https:\/\/isarta.fr\/infos\/wp-json\/wp\/v2\/posts\/66307\/revisions\/66314"}],"wp:featuredmedia":[{"embeddable":true,"href":"https:\/\/isarta.fr\/infos\/wp-json\/wp\/v2\/media\/66311"}],"wp:attachment":[{"href":"https:\/\/isarta.fr\/infos\/wp-json\/wp\/v2\/media?parent=66307"}],"wp:term":[{"taxonomy":"category","embeddable":true,"href":"https:\/\/isarta.fr\/infos\/wp-json\/wp\/v2\/categories?post=66307"},{"taxonomy":"post_tag","embeddable":true,"href":"https:\/\/isarta.fr\/infos\/wp-json\/wp\/v2\/tags?post=66307"}],"curies":[{"name":"wp","href":"https:\/\/api.w.org\/{rel}","templated":true}]}}