{"id":68276,"date":"2025-02-10T09:42:32","date_gmt":"2025-02-10T08:42:32","guid":{"rendered":"https:\/\/isarta.fr\/infos\/?p=68276"},"modified":"2025-02-13T10:34:22","modified_gmt":"2025-02-13T09:34:22","slug":"managers-comment-sortir-de-la-crise-actuelle","status":"publish","type":"post","link":"https:\/\/isarta.fr\/infos\/managers-comment-sortir-de-la-crise-actuelle\/","title":{"rendered":"Managers : comment sortir de la crise actuelle ?"},"content":{"rendered":"<figure class=\"wp-block-image\" id=\"block-eee21e30-a38d-4c18-a4e9-0c2a40cd9072\"><img decoding=\"async\" src=\"https:\/\/isarta.com\/infos\/wp-content\/uploads\/2025\/01\/Anne-Sophie-Michel-807x1024.jpg\" alt=\"L\u2019attribut alt de cette image est vide, son nom de fichier est Anne-Sophie-Michel-807x1024.jpg.\"\/><figcaption class=\"wp-element-caption\"><em>Anne-Sophie Michel, formatrice Isarta et pr\u00e9sidente d\u2019ASM Consultants (courtoisie)<\/em><\/figcaption><\/figure>\n<p id=\"block-4cedf978-16c6-4eaf-8e82-b3f9845c520b\">2 f\u00e9vrier 2025<\/p>\n<p id=\"block-c611182d-e3d1-4bfc-9c0f-4beba875f8fe\"><strong>Les temps sont durs pour les managers, clame-t-on sur toutes les tribunes. Surmen\u00e9s, \u00e9puis\u00e9s, ils font face \u00e0 une g\u00e9n\u00e9ration d\u2019employ\u00e9s qui refusent toute forme d\u2019autorit\u00e9. Pour sortir de cette impasse, Anne-Sophie Michel, formatrice Isarta, propose de revenir aux fondamentaux de la gestion. Entrevue.<\/strong><\/p>\n<p id=\"block-225ca28b-4374-47f1-9bf4-cf82d3f18e0d\"><strong>Isarta Infos : \u00c0 travers votre pratique, observez-vous cette fameuse crise de la gestion dont plusieurs parlent ?<\/strong><\/p>\n<p id=\"block-873d6d88-56ba-4352-9dc9-831934c16202\"><strong>Anne-Sophie Michel: <\/strong>Absolument. R\u00e9cemment, j&rsquo;ai anim\u00e9 un groupe de 25-30 personnes dans le domaine manufacturier, tous des managers. Ils rencontraient justement beaucoup de difficult\u00e9s \u00e0 recruter des nouveaux superviseurs, donc des nouveaux managers.<\/p>\n<p id=\"block-7f7b0028-b8de-4521-9941-dcd41d943dd2\">Le travail de manager est rendu excessivement compliqu\u00e9. J\u2019entends des histoires d\u2019employ\u00e9s qui s\u2019absentent quand bon leur semble, dans un contexte o\u00f9 la cha\u00eene de production doit \u00eatre planifi\u00e9e de mani\u00e8re tr\u00e8s serr\u00e9e.<\/p>\n<p id=\"block-2cf8cd8a-8aa7-4d3a-b1b7-bf3c7bfedc4c\"><strong>D\u2019o\u00f9 vient le probl\u00e8me, selon vous ? Des employ\u00e9s qui refusent de se faire commander ou des managers qui sont mal outill\u00e9s ?<\/strong><\/p>\n<p id=\"block-262c4718-7681-48bb-a1b5-1dae3524f958\"><strong>A.-S. M: <\/strong>Les deux. Avant, la gestion se faisait beaucoup dans un mode autoritaire. Si tu n\u2019\u00e9tais pas content, on te r\u00e9pondait d\u2019aller voir ailleurs. Aujourd\u2019hui, on ne peut plus dire \u00e7a&#8230; car l\u2019employ\u00e9 va vraiment aller voir ailleurs !<\/p>\n<p id=\"block-566d34cf-a8ea-4405-b743-04056a1c4a92\">Nous sommes dans une transition du leadership autoritaire vers un leadership plus humain. Si tu n&rsquo;as pas le volet humain, tu n&rsquo;auras pas la performance. Le probl\u00e8me, c\u2019est que les nouveaux managers ne sont pas bien form\u00e9s, ou s\u2019ils le sont, on ne leur donne pas d\u2019accompagnement par la suite, dans leur r\u00f4le de managers.<\/p>\n<p id=\"block-1f47c299-44d6-4570-9d44-2c9061465f00\"><strong>Quelles sont les comp\u00e9tences \u00e0 aller chercher, comme nouveau manager?<\/strong><\/p>\n<p id=\"block-f57a6b73-2340-4331-b573-5e81a2b2e7a1\"><strong>A.-S. M: <\/strong>Tout d\u2019abord, rappelons qu\u2019\u00eatre manager, c\u2019est un m\u00e9tier en soi. Ce n&rsquo;est pas parce qu\u2019un employ\u00e9 est le meilleur professionnel ou le meilleur dans son m\u00e9tier qu\u2019il est n\u00e9cessairement capable d&rsquo;\u00eatre gestionnaire. Il doit poss\u00e9der ou d\u00e9velopper des comp\u00e9tences relationnelles. Comme l\u2019\u00e9coute active, par exemple.<\/p>\n<p id=\"block-12e91ca8-d735-4e82-af03-f2712fa3fd7e\">Un ami manager m&rsquo;expliquait que, depuis un an, un de ses meilleurs employ\u00e9s avait un important changement de comportement \u2013 qu\u2019il n\u2018\u00e9coutait plus, qu\u2019il \u00e9tait moins performant etc. J&rsquo;ai alors demand\u00e9 \u00e0 mon ami s&rsquo;il s&rsquo;\u00e9tait assis avec lui pour savoir comment il allait. Et la r\u00e9ponse a \u00e9t\u00e9\u2026 non !<\/p>\n<p id=\"block-2af6369b-c2c1-439f-804b-33b78ac99cc5\">Les managers doivent d\u00e9velopper un m\u00e9lange d&#8217;empathie, d&rsquo;\u00e9coute active, de relation humain \u00e0 humain, pour \u00eatre capables de dire&nbsp;: \u00ab regarde, je suis l\u00e0, s\u2019il y a quoi que ce soit, sinon, je te pointe vers les bons outils pour que, au final, tu ailles bien, pour que tu puisses faire ton travail, pour qu&rsquo;ensemble on atteigne nos objectifs. \u00bb<\/p>\n<p id=\"block-b9829da8-f1d8-49e8-9d66-9dfc087d8d2b\"><strong>Que peuvent faire concr\u00e8tement les organisations pour aider les managers \u00e0 tendre vers ce leadership plus humain ?<\/strong><\/p>\n<p id=\"block-4a129880-5ed8-484e-b1d8-34c30b5820df\"><strong>A.-S. M :<\/strong> Ce qui manque beaucoup, c&rsquo;est de l&rsquo;accompagnement. On ne peut pas enseigner et d\u00e9velopper des habilet\u00e9s relationnelles juste en \u00e9coutant quelqu&rsquo;un parler. \u00c7a prend absolument du coaching, de l&rsquo;accompagnement dans la vraie vie, donc dans le milieu de travail.<\/p>\n<p>Le coaching, c&rsquo;est l&rsquo;occasion de faire de la r\u00e9troaction sur ce qui s&rsquo;est pass\u00e9, pour d\u00e9gager les bons coups et les le\u00e7ons apprises. Mais c&rsquo;est aussi pour planifier des strat\u00e9gies, afin de surmonter les difficult\u00e9s qui vont se pr\u00e9senter dans le futur.<\/p>\n<p id=\"block-1145f567-dee3-4892-8ff8-cb59e02a97d7\"><strong>Un autre aspect de la \u00abcrise\u00bb des managers est qu\u2019ils sont tous tr\u00e8s d\u00e9bord\u00e9s&#8230; Que peuvent-ils faire pour garder la t\u00eate hors de l\u2019eau ?<\/strong><\/p>\n<p id=\"block-8ff8931d-7f61-4471-b727-70cf745d3237\"><strong>A.-S. M :<\/strong> J\u2019aborde cet enjeu dans une formation o\u00f9 j\u2019enseigne des techniques de gestion de projet tr\u00e8s concr\u00e8tes, comme la planification et la priorisation de t\u00e2ches.<\/p>\n<p id=\"block-04f12b38-802f-4e08-879d-04ad061db227\">Souvent, les gens ont l\u2019impression que la gestion de projet concerne uniquement les tr\u00e8s gros projets, alors que, au fond, c\u2019est de l\u2019organisation du travail. En formation, j\u2019aide les managers \u00e0 d\u00e9cortiquer ce qu\u2019ils ont \u00e0 faire pour le voir comme de petits projets. Pour obtenir un leader \u00ab id\u00e9al \u00bb, on a besoin des deux volets : la performance et l&rsquo;humain.<\/p>\n<hr class=\"wp-block-separator has-alpha-channel-opacity\" id=\"block-253a40ee-a3bb-423b-9c3c-1109893475f3\"\/>\n<div class=\" content_cards_card content_cards_domain_formations-isarta-fr\">\n<div class=\"content_cards_image\">\n\t\t\t\t<a class=\"content_cards_image_link\" href=\"https:\/\/formations.isarta.fr\/cours\/communication-et-intelligence-emotionnelle-developpez-vos-competences-relationnelles\/94?utm_source=Isarta_Infos\" target=\"_blank\"><br \/>\n\t\t\t\t\t<img src=\"https:\/\/formations.isarta.com\/assets\/images\/f5\/f55371_Communication-et-intellingence-motionnelle-.jpg\" alt=\"Formation webinaire: Communication et intelligence \u00e9motionnelle : d\u00e9veloppez vos comp\u00e9tences relationnelles\">\t\t\t\t<\/a>\n\t\t<\/div>\n<div class=\"content_cards_title\">\n\t\t<a class=\"content_cards_title_link\" href=\"https:\/\/formations.isarta.fr\/cours\/communication-et-intelligence-emotionnelle-developpez-vos-competences-relationnelles\/94?utm_source=Isarta_Infos\" target=\"_blank\"><br \/>\n\t\t\tFormation webinaire: Communication et intelligence \u00e9motionnelle : d\u00e9veloppez vos comp\u00e9tences relationnelles\t\t<\/a>\n\t<\/div>\n<div class=\"content_cards_description\">\n\t\t<a class=\"content_cards_description_link\" href=\"https:\/\/formations.isarta.fr\/cours\/communication-et-intelligence-emotionnelle-developpez-vos-competences-relationnelles\/94?utm_source=Isarta_Infos\" target=\"_blank\"><\/p>\n<p>Communication et intelligence \u00e9motionnelle : d\u00e9veloppez vos comp\u00e9tences relationnelles. Renforcez votre savoir-\u00eatre pour am\u00e9liorer vos interactions professionnelles, favoriser la collaboration et g\u00e9rer les conflits efficacement<\/p>\n<p>\t\t<\/a>\n\t<\/div>\n<div class=\"content_cards_site_name\">\n\t\t<img src=\"https:\/\/formations.isarta.fr\/icons\/favicon-16x16.png\" alt=\"formations.isarta.fr\" class=\"content_cards_favicon\"\/>\t\tformations.isarta.fr\t<\/div>\n<\/div>\n","protected":false},"excerpt":{"rendered":"<p>Les temps sont durs pour les managers. Entrevue avec Anne-Sophie Michel, qui propose de revenir aux fondamentaux de la gestion.<\/p>\n","protected":false},"author":64,"featured_media":68279,"comment_status":"open","ping_status":"open","sticky":false,"template":"","format":"standard","meta":[],"categories":[264,265,159],"tags":[365,364],"_links":{"self":[{"href":"https:\/\/isarta.fr\/infos\/wp-json\/wp\/v2\/posts\/68276"}],"collection":[{"href":"https:\/\/isarta.fr\/infos\/wp-json\/wp\/v2\/posts"}],"about":[{"href":"https:\/\/isarta.fr\/infos\/wp-json\/wp\/v2\/types\/post"}],"author":[{"embeddable":true,"href":"https:\/\/isarta.fr\/infos\/wp-json\/wp\/v2\/users\/64"}],"replies":[{"embeddable":true,"href":"https:\/\/isarta.fr\/infos\/wp-json\/wp\/v2\/comments?post=68276"}],"version-history":[{"count":3,"href":"https:\/\/isarta.fr\/infos\/wp-json\/wp\/v2\/posts\/68276\/revisions"}],"predecessor-version":[{"id":68289,"href":"https:\/\/isarta.fr\/infos\/wp-json\/wp\/v2\/posts\/68276\/revisions\/68289"}],"wp:featuredmedia":[{"embeddable":true,"href":"https:\/\/isarta.fr\/infos\/wp-json\/wp\/v2\/media\/68279"}],"wp:attachment":[{"href":"https:\/\/isarta.fr\/infos\/wp-json\/wp\/v2\/media?parent=68276"}],"wp:term":[{"taxonomy":"category","embeddable":true,"href":"https:\/\/isarta.fr\/infos\/wp-json\/wp\/v2\/categories?post=68276"},{"taxonomy":"post_tag","embeddable":true,"href":"https:\/\/isarta.fr\/infos\/wp-json\/wp\/v2\/tags?post=68276"}],"curies":[{"name":"wp","href":"https:\/\/api.w.org\/{rel}","templated":true}]}}