{"id":69005,"date":"2026-04-24T17:36:05","date_gmt":"2026-04-24T15:36:05","guid":{"rendered":"https:\/\/isarta.fr\/infos\/?p=69005"},"modified":"2026-04-30T18:08:28","modified_gmt":"2026-04-30T16:08:28","slug":"le-paradoxe-de-lia-la-generation-z-est-celle-qui-lutilise-le-plus-mais-qui-y-croit-de-moins-en-moins","status":"publish","type":"post","link":"https:\/\/isarta.fr\/infos\/le-paradoxe-de-lia-la-generation-z-est-celle-qui-lutilise-le-plus-mais-qui-y-croit-de-moins-en-moins\/","title":{"rendered":"Le paradoxe de l&rsquo;IA : La g\u00e9n\u00e9ration Z est celle qui l&rsquo;utilise le plus\u2026 mais qui y croit de moins en moins !"},"content":{"rendered":"<figure class=\"wp-block-image\" id=\"block-3cf28695-1f0e-4a48-a4c8-c342da4eb4d1\"><img decoding=\"async\" src=\"https:\/\/isarta.com\/infos\/wp-content\/uploads\/2026\/04\/pexels-cottonbro-6214560-1024x682.jpg\" alt=\"L\u2019attribut alt de cette image est vide, son nom de fichier est pexels-cottonbro-6214560-1024x682.jpg.\"\/><\/figure>\n<p id=\"block-edbadda8-6429-4d73-a4f0-addaa3467809\">24 avril 2026<\/p>\n<p id=\"block-d50f20b9-cbbf-4881-91ae-e4ff3641ec14\"><strong>Elle est cens\u00e9e \u00eatre la g\u00e9n\u00e9ration qui va le plus en b\u00e9n\u00e9ficier&#8230; et pourtant elle semble prendre ses distances. Voici le surprenant enseignement d&rsquo;un <a rel=\"noreferrer noopener\" href=\"https:\/\/www.gallup.com\/analytics\/651674\/gen-z-research.aspx\" target=\"_blank\">rapport r\u00e9cent <\/a>de Gallup sur la relation entre la g\u00e9n\u00e9ration Z (entre 14 et 29 ans) et l&rsquo;IA. Tentatives d&rsquo;explications.<\/strong><\/p>\n<p id=\"block-5b529f82-b81c-424c-af78-e87b1ca7f7ff\">L&rsquo;\u00e9tude, men\u00e9e aupr\u00e8s de plus de 1 500 jeunes Am\u00e9ricains de 14 \u00e0 29 ans entre fin f\u00e9vrier et d\u00e9but mars, livre un premier constat \u00e0 rebours des discours traditionnels : l&rsquo;adoption de l&rsquo;IA g\u00e9n\u00e9rative par la Gen Z stagne. \u00c0 peine un r\u00e9pondant sur deux d\u00e9clare l&rsquo;utiliser au moins une fois par semaine (22 % tous les jours et 29 % de mani\u00e8re hebdomadaire). Un niveau quasi identique \u00e0 l&rsquo;ann\u00e9e pass\u00e9e.<\/p>\n<figure class=\"wp-block-image\" id=\"block-478d7318-c0e0-44f5-8b94-476cf137b3a1\"><img decoding=\"async\" src=\"https:\/\/isarta.com\/infos\/wp-content\/uploads\/2026\/04\/image-4-1024x378.png\" alt=\"L\u2019attribut alt de cette image est vide, son nom de fichier est image-4-1024x378.png.\"\/><\/figure>\n<p id=\"block-442510df-1f80-45f3-a9e0-b3a1e040f672\">Fait surprenant : l&rsquo;un des grands facteurs d&rsquo;adoption de l&rsquo;IA est&#8230; l&rsquo;influence parentale ! 80 % des enfants dont les parents utilisent l&rsquo;IA quotidiennement s&rsquo;en servent eux-m\u00eames au moins chaque semaine, contre seulement 26 % quand les parents n&rsquo;en utilisent jamais.<\/p>\n<figure class=\"wp-block-image\" id=\"block-edbb8311-238b-4077-a6a9-de6c5c93a380\"><img decoding=\"async\" src=\"https:\/\/isarta.com\/infos\/wp-content\/uploads\/2026\/04\/image-5-1024x590.png\" alt=\"L\u2019attribut alt de cette image est vide, son nom de fichier est image-5-1024x590.png.\"\/><\/figure>\n<h2 id=\"block-4646908a-66a3-4807-b34e-a5a27b38e14b\">Une perception d\u00e9grad\u00e9e<\/h2>\n<p id=\"block-638c14a7-a8c7-455e-969f-fcf33406a62d\">Mais l&rsquo;apprentissage principal de cette \u00e9tude de Gallup concerne le sentiment de la g\u00e9n\u00e9ration Z \u00e0 l&rsquo;\u00e9gard de l&rsquo;IA. Plus pr\u00e9cis\u00e9ment : la d\u00e9gradation de sa perception.<\/p>\n<p id=\"block-40e53c98-a02e-425a-bd68-793ee6ddafe3\">L&rsquo;enthousiasme chute de 14 points (de 36 % \u00e0 22 %), l&rsquo;espoir de 9 points (de 27 % \u00e0 18 %), tandis que la col\u00e8re bondit de 9 points pour atteindre 31 %. L&rsquo;anxi\u00e9t\u00e9, elle, reste stable \u00e0 42 %. Seule la curiosit\u00e9 (49 %) domine encore.<\/p>\n<figure class=\"wp-block-image\" id=\"block-d798386c-add0-4339-a34d-7ad9b7bbfece\"><img decoding=\"async\" src=\"https:\/\/isarta.com\/infos\/wp-content\/uploads\/2026\/04\/image-6-1024x556.png\" alt=\"L\u2019attribut alt de cette image est vide, son nom de fichier est image-6-1024x556.png.\"\/><\/figure>\n<figure class=\"wp-block-image\" id=\"block-3b6fbac3-bdd8-4b0e-b76e-2fd911c55ace\"><img decoding=\"async\" src=\"https:\/\/isarta.com\/infos\/wp-content\/uploads\/2026\/04\/image-7-1024x502.png\" alt=\"L\u2019attribut alt de cette image est vide, son nom de fichier est image-7-1024x502.png.\"\/><\/figure>\n<p id=\"block-3b2a2c34-2b79-4dba-9ff6-25c437b7ebda\">M\u00eame si les utilisateurs les plus r\u00e9guliers de l&rsquo;IA \u00e9prouvent globalement des sentiments plus positifs que ceux qui l&rsquo;utilisent moins, notons que, malgr\u00e9 tout, leur enthousiasme (- 18 points) ainsi que leurs espoirs (- 11 points) s&rsquo;effondrent tout autant &#8211; si ce n&rsquo;est plus. La familiarit\u00e9 ne suffit donc plus \u00e0 produire de l&rsquo;adh\u00e9sion.<\/p>\n<h2 id=\"block-81a4e7e9-e20e-4256-a24e-35786e0414ad\">Des doutes sur les apports de l&rsquo;IA au travail<\/h2>\n<p id=\"block-c03c9bdf-57fa-4688-adda-ae6b01cc15c6\">Comment expliquer ce qui a tout l&rsquo;air d&rsquo;un paradoxe, le titre d&rsquo;ailleurs de ce rapport ?<\/p>\n<blockquote class=\"wp-block-quote\">\n<p>L&rsquo;incertitude \u00e0 l&rsquo;\u00e9gard de l&rsquo;IA refl\u00e8te sans doute des inqui\u00e9tudes quant \u00e0 son impact per\u00e7u sur l&rsquo;apprentissage et la performance au travail. Les jeunes de la Gen Z ne sont pas convaincus que l&rsquo;intelligence artificielle les aidera \u00e0 rechercher des informations fiables, \u00e0 g\u00e9n\u00e9rer de nouvelles id\u00e9es et \u00e0 analyser l&rsquo;information avec rigueur\u00a0\u00bb, \u00e9nonce Gallup.<\/p>\n<\/blockquote>\n<p id=\"block-5df25cb6-ee1d-4911-836c-ec0b7c3b3255\">Ainsi, 38 % estiment qu&rsquo;elle nuira davantage \u00e0 leur cr\u00e9ativit\u00e9 qu&rsquo;elle ne les aidera en la mati\u00e8re. Une proportion similaire (42 %) pensent la m\u00eame chose pour leur esprit critique. La confiance dans ses gains d&rsquo;efficacit\u00e9 s&rsquo;\u00e9rode \u00e9galement : seuls 56 % pensent d\u00e9sormais qu&rsquo;elle acc\u00e9l\u00e8re le travail (-10 points) et 46 % qu&rsquo;elle acc\u00e9l\u00e8re l&rsquo;apprentissage (-7 points).<\/p>\n<p id=\"block-28082d84-74e2-453c-a04d-1f3c78c0872c\">Au final, huit jeunes sur dix jugent \u00ab probable \u00bb que l&rsquo;IA rendra leur apprentissage futur plus difficile.<\/p>\n<figure class=\"wp-block-image\" id=\"block-cdb8fda9-7910-4d63-94e6-0ecc3f3e563f\"><img decoding=\"async\" src=\"https:\/\/isarta.com\/infos\/wp-content\/uploads\/2026\/04\/image-8-1024x537.png\" alt=\"L\u2019attribut alt de cette image est vide, son nom de fichier est image-8-1024x537.png.\"\/><\/figure>\n<p id=\"block-4cca411c-5807-494a-91fe-f32e347749dd\">Dans le monde professionnel, le scepticisme vire \u00e0 la d\u00e9fiance. Parmi les jeunes actifs, 48 % consid\u00e8rent que les risques de l&rsquo;IA au travail d\u00e9passent ses b\u00e9n\u00e9fices, contre seulement 15 % qui pensent l&rsquo;inverse. Difficile de leur donner tort alors que l&rsquo;acc\u00e8s au monde du travail pour certains m\u00e9tiers <a rel=\"noreferrer noopener\" href=\"https:\/\/isarta.com\/infos\/avec-lessor-de-lia-la-generation-z-desorientee-sur-le-marche-du-travail\/\" target=\"_blank\">s&rsquo;av\u00e8re de plus en plus d\u00e9licat<\/a>.<\/p>\n<figure class=\"wp-block-image\" id=\"block-00978150-985b-40ca-861b-71bdde2e4d8c\"><img decoding=\"async\" src=\"https:\/\/isarta.com\/infos\/wp-content\/uploads\/2026\/04\/image-9-1024x493.png\" alt=\"L\u2019attribut alt de cette image est vide, son nom de fichier est image-9-1024x493.png.\"\/><\/figure>\n<h2 id=\"block-63ae1d78-265a-4728-bfff-14c1f6808926\">La d\u00e9mocratisation en cours de l&rsquo;IA durant les \u00e9tudes<\/h2>\n<p id=\"block-cbcafedd-8a51-4982-89b7-826654090d82\">Malgr\u00e9 tout, la g\u00e9n\u00e9ration Z reste lucide sur la n\u00e9cessit\u00e9 d&rsquo;apprendre \u00e0 ma\u00eetriser ces outils. 52 % estiment qu&rsquo;ils auront besoin de comp\u00e9tences en IA pour leurs \u00e9tudes sup\u00e9rieures (+5 points) et 56 % se disent d\u00e9sormais capables de les acqu\u00e9rir d&rsquo;ici la fin de leurs \u00e9tudes (+12 points).<\/p>\n<figure class=\"wp-block-image\" id=\"block-e655c136-91e6-4e80-9768-c61774ff8f45\"><img decoding=\"async\" src=\"https:\/\/isarta.com\/infos\/wp-content\/uploads\/2026\/04\/image-10-1024x599.png\" alt=\"L\u2019attribut alt de cette image est vide, son nom de fichier est image-10-1024x599.png.\"\/><\/figure>\n<p id=\"block-0a59bb6e-3814-4782-8c06-3ef5a9fe3ce7\">Il faut dire que les \u00e9coles semblent avoir pris le virage : 74 % des \u00e9l\u00e8ves rapportent que ces derni\u00e8res disposent de r\u00e8gles sur l&rsquo;IA contre 51 % un an plus t\u00f4t. Et 65 % acceptent l&rsquo;usage de l&rsquo;IA pour les travaux scolaires, soit une hausse de 10 points. Un paradoxe suppl\u00e9mentaire !<\/p>\n<figure class=\"wp-block-image size-large\"><img decoding=\"async\" src=\"https:\/\/isarta.com\/infos\/wp-content\/uploads\/2026\/04\/image-11-1024x734.png\" alt=\"\" class=\"wp-image-111700\"\/><\/figure>\n<hr class=\"wp-block-separator has-alpha-channel-opacity\"\/>\n<div class=\" content_cards_card content_cards_domain_formations-isarta-fr\">\n<div class=\"content_cards_image\">\n\t\t\t\t<a class=\"content_cards_image_link\" href=\"https:\/\/formations.isarta.fr\/cours\/marketing-ia-batir-une-campagne-marketing-de-a-a-z\/42?utm_source=Isarta_Infos\" target=\"_blank\"><br \/>\n\t\t\t\t\t<img src=\"https:\/\/formations.isarta.com\/assets\/images\/74\/744609_Marketing-IA.jpg\" alt=\"Formation webinaire: Marketing IA : b\u00e2tir une campagne marketing de A \u00e0 Z\">\t\t\t\t<\/a>\n\t\t<\/div>\n<div class=\"content_cards_title\">\n\t\t<a class=\"content_cards_title_link\" href=\"https:\/\/formations.isarta.fr\/cours\/marketing-ia-batir-une-campagne-marketing-de-a-a-z\/42?utm_source=Isarta_Infos\" target=\"_blank\"><br \/>\n\t\t\tFormation webinaire: Marketing IA : b\u00e2tir une campagne marketing de A \u00e0 Z\t\t<\/a>\n\t<\/div>\n<div class=\"content_cards_description\">\n\t\t<a class=\"content_cards_description_link\" href=\"https:\/\/formations.isarta.fr\/cours\/marketing-ia-batir-une-campagne-marketing-de-a-a-z\/42?utm_source=Isarta_Infos\" target=\"_blank\"><\/p>\n<p>Marketing IA : b\u00e2tir une campagne marketing de A \u00e0 Z. Am\u00e9liorerez l&#039;efficacit\u00e9 de votre marketing tout en gagnant du temps. Le marketing assist\u00e9 par IA est la solution !<\/p>\n<p>\t\t<\/a>\n\t<\/div>\n<div class=\"content_cards_site_name\">\n\t\t<img src=\"https:\/\/formations.isarta.fr\/icons\/favicon-16x16.png\" alt=\"formations.isarta.fr\" class=\"content_cards_favicon\"\/>\t\tformations.isarta.fr\t<\/div>\n<\/div>\n<div class=\" content_cards_card content_cards_domain_formations-isarta-fr\">\n<div class=\"content_cards_image\">\n\t\t\t\t<a class=\"content_cards_image_link\" href=\"https:\/\/formations.isarta.fr\/cours\/recrutement-ia-devenez-expert-en-attraction-de-talents\/40?utm_source=Isarta_Infos\" target=\"_blank\"><br \/>\n\t\t\t\t\t<img src=\"https:\/\/formations.isarta.com\/assets\/images\/6b\/6b32a0_Recrutement---IA-.jpg\" alt=\"Formation webinaire: Recrutement &amp; IA : Devenez expert en attraction de talents\">\t\t\t\t<\/a>\n\t\t<\/div>\n<div class=\"content_cards_title\">\n\t\t<a class=\"content_cards_title_link\" href=\"https:\/\/formations.isarta.fr\/cours\/recrutement-ia-devenez-expert-en-attraction-de-talents\/40?utm_source=Isarta_Infos\" target=\"_blank\"><br \/>\n\t\t\tFormation webinaire: Recrutement &#038; IA : Devenez expert en attraction de talents\t\t<\/a>\n\t<\/div>\n<div class=\"content_cards_description\">\n\t\t<a class=\"content_cards_description_link\" href=\"https:\/\/formations.isarta.fr\/cours\/recrutement-ia-devenez-expert-en-attraction-de-talents\/40?utm_source=Isarta_Infos\" target=\"_blank\"><\/p>\n<p>Recrutement &amp; IA : Devenez expert en attraction de talents. Boostez chaque \u00e9tape de votre processus de recrutement gr\u00e2ce \u00e0 l\u2019IA : analyse, diffusion, ciblage et personnalisation<\/p>\n<p>\t\t<\/a>\n\t<\/div>\n<div class=\"content_cards_site_name\">\n\t\t<img src=\"https:\/\/formations.isarta.fr\/icons\/favicon-16x16.png\" alt=\"formations.isarta.fr\" class=\"content_cards_favicon\"\/>\t\tformations.isarta.fr\t<\/div>\n<\/div>\n<div class=\" content_cards_card content_cards_domain_formations-isarta-fr\">\n<div class=\"content_cards_image\">\n\t\t\t\t<a class=\"content_cards_image_link\" href=\"https:\/\/formations.isarta.fr\/cours\/conference-chatbots-ia-usages-sains-et-securitaires\/81?utm_source=Isarta_Infos\" target=\"_blank\"><br \/>\n\t\t\t\t\t<img src=\"https:\/\/formations.isarta.com\/assets\/images\/da\/daec87_Chatbots-IA-_crop_2044x1150.jpg\" alt=\"Formation webinaire: Conf\u00e9rence \u2013 Chatbots IA : usages sains et s\u00e9curitaires\">\t\t\t\t<\/a>\n\t\t<\/div>\n<div class=\"content_cards_title\">\n\t\t<a class=\"content_cards_title_link\" href=\"https:\/\/formations.isarta.fr\/cours\/conference-chatbots-ia-usages-sains-et-securitaires\/81?utm_source=Isarta_Infos\" target=\"_blank\"><br \/>\n\t\t\tFormation webinaire: Conf\u00e9rence \u2013 Chatbots IA : usages sains et s\u00e9curitaires\t\t<\/a>\n\t<\/div>\n<div class=\"content_cards_description\">\n\t\t<a class=\"content_cards_description_link\" href=\"https:\/\/formations.isarta.fr\/cours\/conference-chatbots-ia-usages-sains-et-securitaires\/81?utm_source=Isarta_Infos\" target=\"_blank\"><\/p>\n<p>Conf\u00e9rence \u2013 Chatbots IA : usages sains et s\u00e9curitaires. Comprenez les enjeux des chatbots IA et utilisez-les de fa\u00e7on plus consciente et responsable tout en pr\u00e9servant votre autonomie cognitive<\/p>\n<p>\t\t<\/a>\n\t<\/div>\n<div class=\"content_cards_site_name\">\n\t\t<img src=\"https:\/\/formations.isarta.fr\/icons\/favicon-16x16.png\" alt=\"formations.isarta.fr\" class=\"content_cards_favicon\"\/>\t\tformations.isarta.fr\t<\/div>\n<\/div>\n<div class=\" content_cards_card content_cards_domain_formations-isarta-fr\">\n<div class=\"content_cards_image\">\n\t\t\t\t<a class=\"content_cards_image_link\" href=\"https:\/\/formations.isarta.fr\/cours\/redaction-web-assistee-par-ia\/34?utm_source=Isarta_Infos\" target=\"_blank\"><br \/>\n\t\t\t\t\t<img src=\"https:\/\/formations.isarta.com\/assets\/images\/5e\/5eaae5_R-daction-Web-assist-e-par-IA-3.jpg\" alt=\"Formation webinaire: R\u00e9daction Web assist\u00e9e par IA\">\t\t\t\t<\/a>\n\t\t<\/div>\n<div class=\"content_cards_title\">\n\t\t<a class=\"content_cards_title_link\" href=\"https:\/\/formations.isarta.fr\/cours\/redaction-web-assistee-par-ia\/34?utm_source=Isarta_Infos\" target=\"_blank\"><br \/>\n\t\t\tFormation webinaire: R\u00e9daction Web assist\u00e9e par IA\t\t<\/a>\n\t<\/div>\n<div class=\"content_cards_description\">\n\t\t<a class=\"content_cards_description_link\" href=\"https:\/\/formations.isarta.fr\/cours\/redaction-web-assistee-par-ia\/34?utm_source=Isarta_Infos\" target=\"_blank\"><\/p>\n<p>R\u00e9daction Web assist\u00e9e par IA. Optimisez votre processus de cr\u00e9ation de contenu en int\u00e9grant l&#039;IA, tout en maintenant une approche \u00e9thique et professionnelle<\/p>\n<p>\t\t<\/a>\n\t<\/div>\n<div class=\"content_cards_site_name\">\n\t\t<img src=\"https:\/\/formations.isarta.fr\/icons\/favicon-16x16.png\" alt=\"formations.isarta.fr\" class=\"content_cards_favicon\"\/>\t\tformations.isarta.fr\t<\/div>\n<\/div>\n","protected":false},"excerpt":{"rendered":"<p>Elle est cens\u00e9e \u00eatre la g\u00e9n\u00e9ration qui va le plus en b\u00e9n\u00e9ficier&#8230; et pourtant elle semble prendre ses distances. Voici le surprenant enseignement d&rsquo;un rapport r\u00e9cent de Gallup sur la relation entre la g\u00e9n\u00e9ration Z (entre 14 et 29 ans) et l&rsquo;IA. Tentatives d&rsquo;explications.<\/p>\n","protected":false},"author":73,"featured_media":69014,"comment_status":"open","ping_status":"open","sticky":false,"template":"","format":"standard","meta":[],"categories":[264,265,1],"tags":[],"_links":{"self":[{"href":"https:\/\/isarta.fr\/infos\/wp-json\/wp\/v2\/posts\/69005"}],"collection":[{"href":"https:\/\/isarta.fr\/infos\/wp-json\/wp\/v2\/posts"}],"about":[{"href":"https:\/\/isarta.fr\/infos\/wp-json\/wp\/v2\/types\/post"}],"author":[{"embeddable":true,"href":"https:\/\/isarta.fr\/infos\/wp-json\/wp\/v2\/users\/73"}],"replies":[{"embeddable":true,"href":"https:\/\/isarta.fr\/infos\/wp-json\/wp\/v2\/comments?post=69005"}],"version-history":[{"count":3,"href":"https:\/\/isarta.fr\/infos\/wp-json\/wp\/v2\/posts\/69005\/revisions"}],"predecessor-version":[{"id":69029,"href":"https:\/\/isarta.fr\/infos\/wp-json\/wp\/v2\/posts\/69005\/revisions\/69029"}],"wp:featuredmedia":[{"embeddable":true,"href":"https:\/\/isarta.fr\/infos\/wp-json\/wp\/v2\/media\/69014"}],"wp:attachment":[{"href":"https:\/\/isarta.fr\/infos\/wp-json\/wp\/v2\/media?parent=69005"}],"wp:term":[{"taxonomy":"category","embeddable":true,"href":"https:\/\/isarta.fr\/infos\/wp-json\/wp\/v2\/categories?post=69005"},{"taxonomy":"post_tag","embeddable":true,"href":"https:\/\/isarta.fr\/infos\/wp-json\/wp\/v2\/tags?post=69005"}],"curies":[{"name":"wp","href":"https:\/\/api.w.org\/{rel}","templated":true}]}}